{"id":1039,"date":"2012-12-12T19:45:44","date_gmt":"2012-12-12T17:45:44","guid":{"rendered":"https:\/\/www.clemensfrede.com\/?p=1039"},"modified":"2012-12-12T19:45:44","modified_gmt":"2012-12-12T17:45:44","slug":"keine-halben-sachen","status":"publish","type":"post","link":"https:\/\/www.clemensfrede.com\/de\/keine-halben-sachen\/ ","title":{"rendered":"Keine halben Sachen"},"content":{"rendered":"<p><img loading=\"lazy\" decoding=\"async\" data-attachment-id=\"1045\" data-permalink=\"https:\/\/www.clemensfrede.com\/de\/keine-halben-sachen\/ \/img_3427\" data-orig-file=\"https:\/\/www.clemensfrede.com\/wp-content\/uploads\/2012\/12\/IMG_3427.jpg\" data-orig-size=\"1936,1936\" data-comments-opened=\"0\" data-image-meta=\"{&quot;aperture&quot;:&quot;2.8&quot;,&quot;credit&quot;:&quot;&quot;,&quot;camera&quot;:&quot;235&quot;,&quot;caption&quot;:&quot;&quot;,&quot;created_timestamp&quot;:&quot;1329128541&quot;,&quot;copyright&quot;:&quot;&quot;,&quot;focal_length&quot;:&quot;3.85&quot;,&quot;iso&quot;:&quot;80&quot;,&quot;shutter_speed&quot;:&quot;0.000895255147717&quot;,&quot;title&quot;:&quot;&quot;}\" data-image-title=\"Alster Hamburg\" data-image-description=\"\" data-image-caption=\"\" data-medium-file=\"https:\/\/www.clemensfrede.com\/wp-content\/uploads\/2012\/12\/IMG_3427-300x300.jpg\" data-large-file=\"https:\/\/www.clemensfrede.com\/wp-content\/uploads\/2012\/12\/IMG_3427-1024x1024.jpg\" class=\"size-thumbnail wp-image-1045 alignright\" alt=\"Alster Hamburg\" src=\"https:\/\/www.clemensfrede.com\/wp-content\/uploads\/2012\/12\/IMG_3427-150x150.jpg\" width=\"150\" height=\"150\" srcset=\"https:\/\/www.clemensfrede.com\/wp-content\/uploads\/2012\/12\/IMG_3427-150x150.jpg 150w, https:\/\/www.clemensfrede.com\/wp-content\/uploads\/2012\/12\/IMG_3427-300x300.jpg 300w, https:\/\/www.clemensfrede.com\/wp-content\/uploads\/2012\/12\/IMG_3427-1024x1024.jpg 1024w, https:\/\/www.clemensfrede.com\/wp-content\/uploads\/2012\/12\/IMG_3427.jpg 1936w\" sizes=\"auto, (max-width: 150px) 100vw, 150px\" \/>Wir sehen die Dinge oft nur so, wie wir sie sehen wollen &#8211; aus unserer Perspektive. Mir selbst geht es regelm\u00e4ssig als Fahradfahrer so &#8211; dann \u00e4rgere ich mich \u00fcber Fussg\u00e4nger, die v\u00f6llig gedankenlos \u00fcber den Radweg laufen, \u00fcber die Tatsache, dass alle Fu\u00dfg\u00e4nger und Autofahrer ihre Ampeln bekommen und die Radfahrer nur, wo&#8217;s halt gerade passt. Sobald ich aber vom Fahrrad absteige bin ich wieder ganz Fussg\u00e4nger und laufe gedankenverloren auf dem Radweg&#8230;<br \/>\n<br \/>\n<img loading=\"lazy\" decoding=\"async\" data-attachment-id=\"1048\" data-permalink=\"https:\/\/www.clemensfrede.com\/de\/keine-halben-sachen\/ \/img_3401\" data-orig-file=\"https:\/\/www.clemensfrede.com\/wp-content\/uploads\/2012\/12\/IMG_3401.jpg\" data-orig-size=\"1936,1936\" data-comments-opened=\"0\" data-image-meta=\"{&quot;aperture&quot;:&quot;2.8&quot;,&quot;credit&quot;:&quot;&quot;,&quot;camera&quot;:&quot;235&quot;,&quot;caption&quot;:&quot;&quot;,&quot;created_timestamp&quot;:&quot;1328722506&quot;,&quot;copyright&quot;:&quot;&quot;,&quot;focal_length&quot;:&quot;3.85&quot;,&quot;iso&quot;:&quot;500&quot;,&quot;shutter_speed&quot;:&quot;0.0666666666667&quot;,&quot;title&quot;:&quot;&quot;}\" data-image-title=\"Elbe Hamburg\" data-image-description=\"\" data-image-caption=\"\" data-medium-file=\"https:\/\/www.clemensfrede.com\/wp-content\/uploads\/2012\/12\/IMG_3401-300x300.jpg\" data-large-file=\"https:\/\/www.clemensfrede.com\/wp-content\/uploads\/2012\/12\/IMG_3401-1024x1024.jpg\" class=\"alignleft size-thumbnail wp-image-1048\" alt=\"Elbe Hamburg\" src=\"https:\/\/www.clemensfrede.com\/wp-content\/uploads\/2012\/12\/IMG_3401-150x150.jpg\" width=\"150\" height=\"150\" srcset=\"https:\/\/www.clemensfrede.com\/wp-content\/uploads\/2012\/12\/IMG_3401-150x150.jpg 150w, https:\/\/www.clemensfrede.com\/wp-content\/uploads\/2012\/12\/IMG_3401-300x300.jpg 300w, https:\/\/www.clemensfrede.com\/wp-content\/uploads\/2012\/12\/IMG_3401-1024x1024.jpg 1024w, https:\/\/www.clemensfrede.com\/wp-content\/uploads\/2012\/12\/IMG_3401.jpg 1936w\" sizes=\"auto, (max-width: 150px) 100vw, 150px\" \/>Wir machen uns die Welt einfach, indem wir uns an das halten, was wir kennen. Wir machen uns die Welt einfach, indem wir davon ausgehen, dass unsere Sicht der Dinge die richtige ist. Wenn wir Meinungen nicht verstehen, dann haben die halt Unrecht und keine Ahnung. So einfach. Selten versuchen wir wirklich den Standpunkt des anderen zu verstehen. Und damit meine ich: den anderen <em>wirklich<\/em> verstehen. Denn genau das ist es, was Verbindung und Verst\u00e4ndnis schafft. Wir m\u00fcssen deshalb nicht mit allem einverstanden sein, aber es hilft\u00a0dabei, sich auf alles einen Sinn zu machen &#8211; Reaktionen und Verhalten von anderen besser zu verstehen. Nicht selten merken wir dann, dass wir selber \u00e4hnlich funktionieren. Auch wir regieren auf Kleinigkeiten v\u00f6llig merkw\u00fcrdig &#8211; nicht, weil uns die Sache selber interessiert, sondern weil unser Ego verletzt wurde. Und das Ego will immer Recht haben und wichtig sein. Es wird zu einem Krieg der Prinzipien und das Ego ist vollkommen entr\u00fcstet! Wir verpassen den Augenblick, wo wir dr\u00fcber lachen k\u00f6nnen &#8211; \u00fcber die Sache selber und \u00fcber die Reaktion unseres Ego &#8211; und die Sache einmal n\u00fcchtern betrachten.<\/p>\n<p><img loading=\"lazy\" decoding=\"async\" data-attachment-id=\"1047\" data-permalink=\"https:\/\/www.clemensfrede.com\/de\/keine-halben-sachen\/ \/img_3453\" data-orig-file=\"https:\/\/www.clemensfrede.com\/wp-content\/uploads\/2012\/12\/IMG_3453.jpg\" data-orig-size=\"1936,1936\" data-comments-opened=\"0\" data-image-meta=\"{&quot;aperture&quot;:&quot;2.8&quot;,&quot;credit&quot;:&quot;&quot;,&quot;camera&quot;:&quot;235&quot;,&quot;caption&quot;:&quot;&quot;,&quot;created_timestamp&quot;:&quot;1329130698&quot;,&quot;copyright&quot;:&quot;&quot;,&quot;focal_length&quot;:&quot;3.85&quot;,&quot;iso&quot;:&quot;80&quot;,&quot;shutter_speed&quot;:&quot;0.000629722921914&quot;,&quot;title&quot;:&quot;&quot;}\" data-image-title=\"Alster Hamburg\" data-image-description=\"\" data-image-caption=\"\" data-medium-file=\"https:\/\/www.clemensfrede.com\/wp-content\/uploads\/2012\/12\/IMG_3453-300x300.jpg\" data-large-file=\"https:\/\/www.clemensfrede.com\/wp-content\/uploads\/2012\/12\/IMG_3453-1024x1024.jpg\" class=\"size-thumbnail wp-image-1047 alignright\" alt=\"Alster Hamburg\" src=\"https:\/\/www.clemensfrede.com\/wp-content\/uploads\/2012\/12\/IMG_3453-150x150.jpg\" width=\"150\" height=\"150\" srcset=\"https:\/\/www.clemensfrede.com\/wp-content\/uploads\/2012\/12\/IMG_3453-150x150.jpg 150w, https:\/\/www.clemensfrede.com\/wp-content\/uploads\/2012\/12\/IMG_3453-300x300.jpg 300w, https:\/\/www.clemensfrede.com\/wp-content\/uploads\/2012\/12\/IMG_3453-1024x1024.jpg 1024w, https:\/\/www.clemensfrede.com\/wp-content\/uploads\/2012\/12\/IMG_3453.jpg 1936w\" sizes=\"auto, (max-width: 150px) 100vw, 150px\" \/>Yoga will uns beibringen mit Leichtigkeit und Offenheit andere Positionen einzunehmen und ein Bewusstsein auch f\u00fcr das zu Entwickeln, was gerade nicht unsere Aufmerksamkeit hat. Bewusstsein daf\u00fcr zu entwickeln, wie \u00e4hnlich wir uns letztendlich doch alle sind. Yoga schafft Verbindung, wenn wir alle Seiten &#8211; bei uns und bei anderen &#8211; betrachten. Das Ego hat da keinen Platz.<\/p>\n<p>Schalten wir zu den Feiertagen mal das Ego aus und gehen auf alle anderen mit offenen Armen zu, um es zum Fest herzlich zu dr\u00fccken. Genau so, wie sich 1914 im zweiten Weltkrieg Deutsch und Englische Soldaten verhalten haben. Am Heiligen Abend standen sie sich gegen\u00fcber, festgefahren in einem Krieg gegeneinander. Bis in einem der Gr\u00e4ben jemand anfing &#8218;<em>Stille Nacht<\/em>&#8218; zu singen und jemand anderes mit &#8218;<em>Silent Night<\/em>&#8218; einstimmte. An diesem Abend trafen sie sich in der Mitte des Niemandslandes, weil sie hinter allen Differenzen die Gemeinsamkeiten sehen konnten. Statt nur ihre H\u00e4lfte zu sehen, haben sie das gro\u00dfe, ganze gesehen. Und da sind wir alle zu Hause.<\/p>\n<p>&nbsp;<\/p>\n<p><strong>Abendlied<\/strong> von <em>Matthias Claudius<\/em>:<br \/>\n<img loading=\"lazy\" decoding=\"async\" data-attachment-id=\"1046\" data-permalink=\"https:\/\/www.clemensfrede.com\/de\/keine-halben-sachen\/ \/img_3452\" data-orig-file=\"https:\/\/www.clemensfrede.com\/wp-content\/uploads\/2012\/12\/IMG_3452.jpg\" data-orig-size=\"1936,1936\" data-comments-opened=\"0\" data-image-meta=\"{&quot;aperture&quot;:&quot;2.8&quot;,&quot;credit&quot;:&quot;&quot;,&quot;camera&quot;:&quot;235&quot;,&quot;caption&quot;:&quot;&quot;,&quot;created_timestamp&quot;:&quot;1329129685&quot;,&quot;copyright&quot;:&quot;&quot;,&quot;focal_length&quot;:&quot;3.85&quot;,&quot;iso&quot;:&quot;80&quot;,&quot;shutter_speed&quot;:&quot;0.000895255147717&quot;,&quot;title&quot;:&quot;&quot;}\" data-image-title=\"Alster Hamburg\" data-image-description=\"\" data-image-caption=\"\" data-medium-file=\"https:\/\/www.clemensfrede.com\/wp-content\/uploads\/2012\/12\/IMG_3452-300x300.jpg\" data-large-file=\"https:\/\/www.clemensfrede.com\/wp-content\/uploads\/2012\/12\/IMG_3452-1024x1024.jpg\" class=\"size-thumbnail wp-image-1046 alignright\" alt=\"Alster Hamburg\" src=\"https:\/\/www.clemensfrede.com\/wp-content\/uploads\/2012\/12\/IMG_3452-150x150.jpg\" width=\"150\" height=\"150\" srcset=\"https:\/\/www.clemensfrede.com\/wp-content\/uploads\/2012\/12\/IMG_3452-150x150.jpg 150w, https:\/\/www.clemensfrede.com\/wp-content\/uploads\/2012\/12\/IMG_3452-300x300.jpg 300w, https:\/\/www.clemensfrede.com\/wp-content\/uploads\/2012\/12\/IMG_3452-1024x1024.jpg 1024w, https:\/\/www.clemensfrede.com\/wp-content\/uploads\/2012\/12\/IMG_3452.jpg 1936w\" sizes=\"auto, (max-width: 150px) 100vw, 150px\" \/><br \/>\n1. Der Mond ist aufgegangen,<br \/>\nDie goldnen Sternlein prangen<br \/>\nAm Himmel hell und klar;<br \/>\nDer Wald steht schwarz und schweiget,<br \/>\nUnd aus den Wiesen steiget<br \/>\nDer wei\u00dfe Nebel wunderbar.<\/p>\n<p>3. Seht ihr den Mond dort stehen?<br \/>\nEr ist nur halb zu sehen,<br \/>\nUnd ist doch rund und sch\u00f6n!<br \/>\nSo sind wohl manche Sachen,<br \/>\nDie wir getrost belachen,<br \/>\nWeil unsre Augen sie nicht sehn.<\/p>\n","protected":false},"excerpt":{"rendered":"<p>Wir sehen die Dinge oft nur so, wie wir sie sehen wollen &#8211; aus unserer Perspektive. Mir selbst geht es regelm\u00e4ssig als Fahradfahrer so &#8211; dann \u00e4rgere ich mich \u00fcber Fussg\u00e4nger, die v\u00f6llig gedankenlos \u00fcber den Radweg laufen, \u00fcber die Tatsache, dass alle Fu\u00dfg\u00e4nger und Autofahrer ihre Ampeln bekommen und die Radfahrer nur, wo&#8217;s halt [&hellip;]<\/p>\n","protected":false},"author":1,"featured_media":0,"comment_status":"open","ping_status":"open","sticky":false,"template":"","format":"standard","meta":{"_jetpack_memberships_contains_paid_content":false,"footnotes":"","jetpack_publicize_message":"","jetpack_publicize_feature_enabled":true,"jetpack_social_post_already_shared":false,"jetpack_social_options":{"image_generator_settings":{"template":"highway","default_image_id":0,"font":"","enabled":false},"version":2}},"categories":[60],"tags":[],"class_list":["post-1039","post","type-post","status-publish","format-standard","hentry","category-think-about-it"],"aioseo_notices":[],"jetpack_publicize_connections":[],"jetpack_featured_media_url":"","jetpack_shortlink":"https:\/\/wp.me\/p1jfUI-gL","jetpack-related-posts":[{"id":1857,"url":"https:\/\/www.clemensfrede.com\/de\/awareness\/ ","url_meta":{"origin":1039,"position":0},"title":"Achtsamkeit","author":"Clemens","date":"Thursday, der 28. August 2014","format":false,"excerpt":"Du liest diesen Text. Diese Buchstaben erschaffen W\u00f6rter. Die W\u00f6rter erschaffen einen Text. Achtsamkeit ist faszinierend. Achtsam zu werden ist allerdings nicht so einfach, denn wir haben den Hang dazu, alles sofort zu interpretieren und zu beurteilen. Verst\u00e4ndlicherweise, denn sonst w\u00fcrdest Du vielleicht noch immer beim ersten Satz feststecken. Manches\u2026","rel":"","context":"In &quot;Performance Psychology&quot;","block_context":{"text":"Performance Psychology","link":"https:\/\/www.clemensfrede.com\/de\/category\/performance-psychology"},"img":{"alt_text":"","src":"https:\/\/i0.wp.com\/www.clemensfrede.com\/wp-content\/uploads\/2014\/08\/bild.jpg?resize=350%2C200&ssl=1","width":350,"height":200,"srcset":"https:\/\/i0.wp.com\/www.clemensfrede.com\/wp-content\/uploads\/2014\/08\/bild.jpg?resize=350%2C200&ssl=1 1x, https:\/\/i0.wp.com\/www.clemensfrede.com\/wp-content\/uploads\/2014\/08\/bild.jpg?resize=525%2C300&ssl=1 1.5x, https:\/\/i0.wp.com\/www.clemensfrede.com\/wp-content\/uploads\/2014\/08\/bild.jpg?resize=700%2C400&ssl=1 2x, https:\/\/i0.wp.com\/www.clemensfrede.com\/wp-content\/uploads\/2014\/08\/bild.jpg?resize=1050%2C600&ssl=1 3x, https:\/\/i0.wp.com\/www.clemensfrede.com\/wp-content\/uploads\/2014\/08\/bild.jpg?resize=1400%2C800&ssl=1 4x"},"classes":[]},{"id":4537,"url":"https:\/\/www.clemensfrede.com\/de\/perception\/ ","url_meta":{"origin":1039,"position":1},"title":"Wahrnehmung","author":"Clemens","date":"Saturday, der  6. January 2018","format":false,"excerpt":"Das erste mal, als mir gesagt wurde, ich solle in meine Organe f\u00fchlen, dachte ich die w\u00e4ren verr\u00fcckt. Ich soll was, bitte? Es machte f\u00fcr mich keinen Sinn und da war nichts, was ich gro\u00dfartig wahrnehmen konnte. Dachte ich...\u00a0 Es ist f\u00fcr mich noch immer kein ganz klares Gef\u00fchl und\u2026","rel":"","context":"In &quot;think about it&quot;","block_context":{"text":"think about it","link":"https:\/\/www.clemensfrede.com\/de\/category\/yoga\/think-about-it"},"img":{"alt_text":"Feeling and Perception","src":"https:\/\/i0.wp.com\/www.clemensfrede.com\/wp-content\/uploads\/2018\/07\/space1.jpg?resize=350%2C200&ssl=1","width":350,"height":200,"srcset":"https:\/\/i0.wp.com\/www.clemensfrede.com\/wp-content\/uploads\/2018\/07\/space1.jpg?resize=350%2C200&ssl=1 1x, https:\/\/i0.wp.com\/www.clemensfrede.com\/wp-content\/uploads\/2018\/07\/space1.jpg?resize=525%2C300&ssl=1 1.5x, https:\/\/i0.wp.com\/www.clemensfrede.com\/wp-content\/uploads\/2018\/07\/space1.jpg?resize=700%2C400&ssl=1 2x, https:\/\/i0.wp.com\/www.clemensfrede.com\/wp-content\/uploads\/2018\/07\/space1.jpg?resize=1050%2C600&ssl=1 3x"},"classes":[]},{"id":3044,"url":"https:\/\/www.clemensfrede.com\/de\/not-knowing\/ ","url_meta":{"origin":1039,"position":2},"title":"Nichtwissen","author":"Clemens","date":"Sunday, der 10. January 2016","format":false,"excerpt":"Beginnen\u00a0wir das Jahr mit einem wei\u00dfen Blatt. Verlassen wir mal die automatische Routine, die wir sonst praktizieren. Vergessen wir mal, was wir zu wissen glauben und beginnen bei Null. Wie w\u00e4re es, wenn wir nichts wissen? Einmal die Anma\u00dflichkeit\u00a0loslassen. Einmal die Annahme loslassen, dass man wei\u00df, was richtig ist und\u2026","rel":"","context":"In &quot;General&quot;","block_context":{"text":"General","link":"https:\/\/www.clemensfrede.com\/de\/category\/general"},"img":{"alt_text":"Stein","src":"https:\/\/i0.wp.com\/www.clemensfrede.com\/wp-content\/uploads\/2016\/01\/IMG_3752-150x150.jpg?resize=350%2C200&ssl=1","width":350,"height":200},"classes":[]},{"id":843,"url":"https:\/\/www.clemensfrede.com\/de\/integritaet\/ ","url_meta":{"origin":1039,"position":3},"title":"Integrit\u00e4t","author":"Clemens","date":"Wednesday, der 23. July 2014","format":false,"excerpt":"Integrit\u00e4t bedeutet, dass wir unser Handeln durch unsere Werte bestimmen.\u00a0Manchmal ist das leichter gesagt als getan.\u00a0Wenn Ehrlichkeit f\u00fcr uns wichtig und richtig ist, dann l\u00fcgen wir nicht. Trotzdem sind wir nicht immer so aufrichtig, wie wir eigentlich sein wollen. Wir lassen\u00a0uns oft von \u00c4u\u00dferlichkeiten und von unserem Ego steuern \u2013\u2026","rel":"","context":"In &quot;General&quot;","block_context":{"text":"General","link":"https:\/\/www.clemensfrede.com\/de\/category\/general"},"img":{"alt_text":"","src":"https:\/\/i0.wp.com\/www.clemensfrede.com\/wp-content\/uploads\/2014\/07\/integrity.png?resize=350%2C200&ssl=1","width":350,"height":200,"srcset":"https:\/\/i0.wp.com\/www.clemensfrede.com\/wp-content\/uploads\/2014\/07\/integrity.png?resize=350%2C200&ssl=1 1x, https:\/\/i0.wp.com\/www.clemensfrede.com\/wp-content\/uploads\/2014\/07\/integrity.png?resize=525%2C300&ssl=1 1.5x, https:\/\/i0.wp.com\/www.clemensfrede.com\/wp-content\/uploads\/2014\/07\/integrity.png?resize=700%2C400&ssl=1 2x, https:\/\/i0.wp.com\/www.clemensfrede.com\/wp-content\/uploads\/2014\/07\/integrity.png?resize=1050%2C600&ssl=1 3x, https:\/\/i0.wp.com\/www.clemensfrede.com\/wp-content\/uploads\/2014\/07\/integrity.png?resize=1400%2C800&ssl=1 4x"},"classes":[]},{"id":2684,"url":"https:\/\/www.clemensfrede.com\/de\/all-of-it\/ ","url_meta":{"origin":1039,"position":4},"title":"alles.","author":"Clemens","date":"Saturday, der 17. October 2015","format":false,"excerpt":"Bei\u00a0W\u00fcnschen und Zielen bin ich immer wieder \u00fcberrascht, von den\u00a0Erwartungen, die viele an sich\u00a0haben und\u00a0dem\u00a0Druck, den sie sich machen. Ich nehme mich da selbst nicht aus. Es reicht nicht, einen gut bezahlten Job zu haben. Es reicht nicht, eine Familie\u00a0zu haben und Kinder\u00a0gro\u00df zu ziehen. Nein, man m\u00f6chte eine herausragende\u00a0Karriere\u2026","rel":"","context":"In &quot;General&quot;","block_context":{"text":"General","link":"https:\/\/www.clemensfrede.com\/de\/category\/general"},"img":{"alt_text":"","src":"https:\/\/i0.wp.com\/www.clemensfrede.com\/wp-content\/uploads\/2015\/10\/blume.jpg?resize=350%2C200&ssl=1","width":350,"height":200,"srcset":"https:\/\/i0.wp.com\/www.clemensfrede.com\/wp-content\/uploads\/2015\/10\/blume.jpg?resize=350%2C200&ssl=1 1x, https:\/\/i0.wp.com\/www.clemensfrede.com\/wp-content\/uploads\/2015\/10\/blume.jpg?resize=525%2C300&ssl=1 1.5x, https:\/\/i0.wp.com\/www.clemensfrede.com\/wp-content\/uploads\/2015\/10\/blume.jpg?resize=700%2C400&ssl=1 2x, https:\/\/i0.wp.com\/www.clemensfrede.com\/wp-content\/uploads\/2015\/10\/blume.jpg?resize=1050%2C600&ssl=1 3x, https:\/\/i0.wp.com\/www.clemensfrede.com\/wp-content\/uploads\/2015\/10\/blume.jpg?resize=1400%2C800&ssl=1 4x"},"classes":[]},{"id":4460,"url":"https:\/\/www.clemensfrede.com\/de\/control\/ ","url_meta":{"origin":1039,"position":5},"title":"Kontrolle","author":"Clemens","date":"Sunday, der 26. November 2017","format":false,"excerpt":"Stress ist nicht immer schlecht. Stress kann unsere Leistungsf\u00e4higkeit durchaus f\u00f6rdern, wenn wir ihn bewu\u00dft einsetzen und achtsam mit ihm umgehen. Entscheidend ist unter anderem, ob wir das Gef\u00fchl der Kontrolle behalten. Denn Stress, den wir kontrollieren k\u00f6nnen, hilft sogar\u00a0dabei den Stress, den wir nicht kontrollieren k\u00f6nnen, leichter zu verarbeiten.\u2026","rel":"","context":"In &quot;General&quot;","block_context":{"text":"General","link":"https:\/\/www.clemensfrede.com\/de\/category\/general"},"img":{"alt_text":"","src":"","width":0,"height":0},"classes":[]}],"jetpack_sharing_enabled":true,"_links":{"self":[{"href":"https:\/\/www.clemensfrede.com\/de\/wp-json\/wp\/v2\/posts\/1039","targetHints":{"allow":["GET"]}}],"collection":[{"href":"https:\/\/www.clemensfrede.com\/de\/wp-json\/wp\/v2\/posts"}],"about":[{"href":"https:\/\/www.clemensfrede.com\/de\/wp-json\/wp\/v2\/types\/post"}],"author":[{"embeddable":true,"href":"https:\/\/www.clemensfrede.com\/de\/wp-json\/wp\/v2\/users\/1"}],"replies":[{"embeddable":true,"href":"https:\/\/www.clemensfrede.com\/de\/wp-json\/wp\/v2\/comments?post=1039"}],"version-history":[{"count":11,"href":"https:\/\/www.clemensfrede.com\/de\/wp-json\/wp\/v2\/posts\/1039\/revisions"}],"predecessor-version":[{"id":1057,"href":"https:\/\/www.clemensfrede.com\/de\/wp-json\/wp\/v2\/posts\/1039\/revisions\/1057"}],"wp:attachment":[{"href":"https:\/\/www.clemensfrede.com\/de\/wp-json\/wp\/v2\/media?parent=1039"}],"wp:term":[{"taxonomy":"category","embeddable":true,"href":"https:\/\/www.clemensfrede.com\/de\/wp-json\/wp\/v2\/categories?post=1039"},{"taxonomy":"post_tag","embeddable":true,"href":"https:\/\/www.clemensfrede.com\/de\/wp-json\/wp\/v2\/tags?post=1039"}],"curies":[{"name":"wp","href":"https:\/\/api.w.org\/{rel}","templated":true}]}}