{"id":4537,"date":"2018-01-06T10:00:37","date_gmt":"2018-01-06T08:00:37","guid":{"rendered":"https:\/\/www.clemensfrede.com\/?p=4537"},"modified":"2020-12-25T20:57:30","modified_gmt":"2020-12-25T18:57:30","slug":"perception","status":"publish","type":"post","link":"https:\/\/www.clemensfrede.com\/de\/perception\/ ","title":{"rendered":"Wahrnehmung"},"content":{"rendered":"<p>Das erste mal, als mir gesagt wurde, ich solle in meine Organe f\u00fchlen, dachte ich die w\u00e4ren verr\u00fcckt. Ich soll <em>was<\/em>, bitte? Es machte f\u00fcr mich keinen Sinn und da war nichts, was ich gro\u00dfartig wahrnehmen konnte. Dachte ich&#8230;\u00a0<\/p>\n<p>Es ist f\u00fcr mich noch immer kein ganz klares <a href=\"https:\/\/www.clemensfrede.com\/not-knowing\/\">Gef\u00fchl<\/a> und das wird es vielleicht niemals sein. Ich vergleiche es gerne mit dem Erlernen einer neuen Sprache. Wenn wir sie das erste Mal h\u00f6ren, sind es nur Ger\u00e4usche. Es gibt keine einzelnen W\u00f6rter und keinen Sinn. Aber, je l\u00e4nger man zuh\u00f6rt, je mehr man sich darauf einl\u00e4sst zuzuh\u00f6ren, mit der Zeit erscheinen auf einmal einzelne W\u00f6rter. Mit der Zeit h\u00f6rt man, was sich wiederholt, man bekommt ein Gesp\u00fcr f\u00fcr die Stimmung und nach und nach bekommen die W\u00f6rter Bedeutung. Und was vorher Ger\u00e4usche waren bekommt auf einmal einen Sinn.<\/p>\n<p>Genau das passiert, wenn wir die Wahrnehmung in den K\u00f6rper bringen. Was vorher nur dunkler, leerer Raum war bekommt mit einem Mal Textur und eine Beschaffenheit. Eine neue Welt \u00f6ffnet sich genauso wie wenn wir eine neue Sprache lernen. Sicherlich ist die innere Welt nicht so wie die \u00e4u\u00dfere Welt, die wir sehen uns anfassen k\u00f6nnen, aber der innere Raum des K\u00f6rpers bringt mehr Informationen mit sich, als wir annehmen.<\/p>\n<p>Um eine neue Sprache zu erlernen, um unsere Wahrnehmung zu erweitern m\u00fcssen wir loslassen von der Annahme, dass wir Dinge <em>wissen<\/em>. Wir sind uns sicher \u00fcber unser Wissen und verbauen uns so die M\u00f6glichkeit neues zu sehen, die Wahrnehmung zu erweitern, mehr Klarheit zu bekommen. Das dauernde Gespr\u00e4ch der <a href=\"https:\/\/www.clemensfrede.com\/recognizing-dependencies\/\">Gedanken<\/a> muss zur Ruhe kommen, damit wir geduldig zuh\u00f6ren k\u00f6nnen. Ob auf der <a href=\"https:\/\/www.clemensfrede.com\/teaching-yoga\/\">Yoga<\/a> Matte oder im t\u00e4glichen Leben, ab und an hilft es die Gedanken abzuschalten und die Sinne zu \u00f6ffnen.<\/p>\n<p>Und dann mit dieser neuen Erfahrung zu tanzen.<\/p>","protected":false},"excerpt":{"rendered":"<p>Leider ist der Eintrag nur auf English verf\u00fcgbar.<\/p>\n","protected":false},"author":1,"featured_media":4677,"comment_status":"closed","ping_status":"closed","sticky":false,"template":"","format":"standard","meta":{"_jetpack_memberships_contains_paid_content":false,"footnotes":"","jetpack_publicize_message":"","jetpack_publicize_feature_enabled":true,"jetpack_social_post_already_shared":true,"jetpack_social_options":{"image_generator_settings":{"template":"highway","default_image_id":0,"font":"","enabled":false},"version":2}},"categories":[60,59],"tags":[],"class_list":["post-4537","post","type-post","status-publish","format-standard","has-post-thumbnail","hentry","category-think-about-it","category-yoga"],"aioseo_notices":[],"jetpack_publicize_connections":[],"jetpack_featured_media_url":"https:\/\/www.clemensfrede.com\/wp-content\/uploads\/2018\/07\/space1.jpg","jetpack_shortlink":"https:\/\/wp.me\/p1jfUI-1bb","jetpack-related-posts":[{"id":1902,"url":"https:\/\/www.clemensfrede.com\/de\/all-or-nothing\/ ","url_meta":{"origin":4537,"position":0},"title":"All or nothing.","author":"Clemens","date":"Tuesday, der 16. September 2014","format":false,"excerpt":"So what do we do with our lives? We leave only a mark Will our story shine like a life Or end in the dark? Is it all or nothing? (Tina Turner) For a long time I've found the question of the purpose in life overwhelming. What is my true\u2026","rel":"","context":"In &quot;Yoga&quot;","block_context":{"text":"Yoga","link":"https:\/\/www.clemensfrede.com\/de\/category\/yoga"},"img":{"alt_text":"","src":"https:\/\/i0.wp.com\/www.clemensfrede.com\/wp-content\/uploads\/2014\/09\/bridge.jpg?resize=350%2C200&ssl=1","width":350,"height":200,"srcset":"https:\/\/i0.wp.com\/www.clemensfrede.com\/wp-content\/uploads\/2014\/09\/bridge.jpg?resize=350%2C200&ssl=1 1x, https:\/\/i0.wp.com\/www.clemensfrede.com\/wp-content\/uploads\/2014\/09\/bridge.jpg?resize=525%2C300&ssl=1 1.5x, https:\/\/i0.wp.com\/www.clemensfrede.com\/wp-content\/uploads\/2014\/09\/bridge.jpg?resize=700%2C400&ssl=1 2x, https:\/\/i0.wp.com\/www.clemensfrede.com\/wp-content\/uploads\/2014\/09\/bridge.jpg?resize=1050%2C600&ssl=1 3x, https:\/\/i0.wp.com\/www.clemensfrede.com\/wp-content\/uploads\/2014\/09\/bridge.jpg?resize=1400%2C800&ssl=1 4x"},"classes":[]},{"id":740,"url":"https:\/\/www.clemensfrede.com\/de\/state-of-mind\/ ","url_meta":{"origin":4537,"position":1},"title":"State of Mind","author":"Clemens","date":"Thursday, der  7. August 2014","format":false,"excerpt":"It's funny. Or not really. In yoga you become engaged. In any way, really - in your body, in life, in your mind. You begin living more consciously. So when you go on Facebook today and check what yogis are posting... it's bewildering. It's about performance, about brands, about beaches\u2026","rel":"","context":"In &quot;General&quot;","block_context":{"text":"General","link":"https:\/\/www.clemensfrede.com\/de\/category\/general"},"img":{"alt_text":"","src":"https:\/\/i0.wp.com\/www.clemensfrede.com\/wp-content\/uploads\/2014\/08\/lavender.png?resize=350%2C200&ssl=1","width":350,"height":200,"srcset":"https:\/\/i0.wp.com\/www.clemensfrede.com\/wp-content\/uploads\/2014\/08\/lavender.png?resize=350%2C200&ssl=1 1x, https:\/\/i0.wp.com\/www.clemensfrede.com\/wp-content\/uploads\/2014\/08\/lavender.png?resize=525%2C300&ssl=1 1.5x, https:\/\/i0.wp.com\/www.clemensfrede.com\/wp-content\/uploads\/2014\/08\/lavender.png?resize=700%2C400&ssl=1 2x, https:\/\/i0.wp.com\/www.clemensfrede.com\/wp-content\/uploads\/2014\/08\/lavender.png?resize=1050%2C600&ssl=1 3x, https:\/\/i0.wp.com\/www.clemensfrede.com\/wp-content\/uploads\/2014\/08\/lavender.png?resize=1400%2C800&ssl=1 4x"},"classes":[]},{"id":4460,"url":"https:\/\/www.clemensfrede.com\/de\/control\/ ","url_meta":{"origin":4537,"position":2},"title":"Kontrolle","author":"Clemens","date":"Sunday, der 26. November 2017","format":false,"excerpt":"Stress ist nicht immer schlecht. Stress kann unsere Leistungsf\u00e4higkeit durchaus f\u00f6rdern, wenn wir ihn bewu\u00dft einsetzen und achtsam mit ihm umgehen. Entscheidend ist unter anderem, ob wir das Gef\u00fchl der Kontrolle behalten. Denn Stress, den wir kontrollieren k\u00f6nnen, hilft sogar\u00a0dabei den Stress, den wir nicht kontrollieren k\u00f6nnen, leichter zu verarbeiten.\u2026","rel":"","context":"In &quot;General&quot;","block_context":{"text":"General","link":"https:\/\/www.clemensfrede.com\/de\/category\/general"},"img":{"alt_text":"","src":"","width":0,"height":0},"classes":[]},{"id":2426,"url":"https:\/\/www.clemensfrede.com\/de\/negroni\/ ","url_meta":{"origin":4537,"position":3},"title":"Negroni","author":"Clemens","date":"Monday, der  3. August 2015","format":false,"excerpt":"Ich seh schon ein, dass sich das nach einem anderen Thema anh\u00f6rt, aber meinem Sommer gef\u00e4llt der Drink und die Kurve bekomme ich hin. Ein Wort, das meinen gr\u00f6\u00dfte Leidenschaft im Leben sehr gut zusammenfasst ist das Wort 'Genuss'. Es ist ein sehr deutsches Wort und es gibt daf\u00fcr leider\u2026","rel":"","context":"In &quot;General&quot;","block_context":{"text":"General","link":"https:\/\/www.clemensfrede.com\/de\/category\/general"},"img":{"alt_text":"","src":"https:\/\/i0.wp.com\/www.clemensfrede.com\/wp-content\/uploads\/2015\/07\/Negroni.jpg?resize=350%2C200&ssl=1","width":350,"height":200,"srcset":"https:\/\/i0.wp.com\/www.clemensfrede.com\/wp-content\/uploads\/2015\/07\/Negroni.jpg?resize=350%2C200&ssl=1 1x, https:\/\/i0.wp.com\/www.clemensfrede.com\/wp-content\/uploads\/2015\/07\/Negroni.jpg?resize=525%2C300&ssl=1 1.5x, https:\/\/i0.wp.com\/www.clemensfrede.com\/wp-content\/uploads\/2015\/07\/Negroni.jpg?resize=700%2C400&ssl=1 2x, https:\/\/i0.wp.com\/www.clemensfrede.com\/wp-content\/uploads\/2015\/07\/Negroni.jpg?resize=1050%2C600&ssl=1 3x, https:\/\/i0.wp.com\/www.clemensfrede.com\/wp-content\/uploads\/2015\/07\/Negroni.jpg?resize=1400%2C800&ssl=1 4x"},"classes":[]},{"id":1875,"url":"https:\/\/www.clemensfrede.com\/de\/manners\/ ","url_meta":{"origin":4537,"position":4},"title":"Manners","author":"Clemens","date":"Wednesday, der  3. September 2014","format":false,"excerpt":"Here's an important rule for the gentlemen. \"Don't let your mood dictate your manners.\" Obviously the same holds true for the ladies. Not that it matters, but for them it's rule #238. Why is it that we sometimes think our mood is more important than our manners? Or do we\u2026","rel":"","context":"In &quot;General&quot;","block_context":{"text":"General","link":"https:\/\/www.clemensfrede.com\/de\/category\/general"},"img":{"alt_text":"mood_manners","src":"https:\/\/i0.wp.com\/www.clemensfrede.com\/wp-content\/uploads\/2014\/09\/mood_manners-300x159.jpg?resize=350%2C200&ssl=1","width":350,"height":200},"classes":[]},{"id":3044,"url":"https:\/\/www.clemensfrede.com\/de\/not-knowing\/ ","url_meta":{"origin":4537,"position":5},"title":"Nichtwissen","author":"Clemens","date":"Sunday, der 10. January 2016","format":false,"excerpt":"Beginnen\u00a0wir das Jahr mit einem wei\u00dfen Blatt. Verlassen wir mal die automatische Routine, die wir sonst praktizieren. Vergessen wir mal, was wir zu wissen glauben und beginnen bei Null. Wie w\u00e4re es, wenn wir nichts wissen? Einmal die Anma\u00dflichkeit\u00a0loslassen. Einmal die Annahme loslassen, dass man wei\u00df, was richtig ist und\u2026","rel":"","context":"In &quot;General&quot;","block_context":{"text":"General","link":"https:\/\/www.clemensfrede.com\/de\/category\/general"},"img":{"alt_text":"Stein","src":"https:\/\/i0.wp.com\/www.clemensfrede.com\/wp-content\/uploads\/2016\/01\/IMG_3752-150x150.jpg?resize=350%2C200&ssl=1","width":350,"height":200},"classes":[]}],"jetpack_sharing_enabled":true,"_links":{"self":[{"href":"https:\/\/www.clemensfrede.com\/de\/wp-json\/wp\/v2\/posts\/4537","targetHints":{"allow":["GET"]}}],"collection":[{"href":"https:\/\/www.clemensfrede.com\/de\/wp-json\/wp\/v2\/posts"}],"about":[{"href":"https:\/\/www.clemensfrede.com\/de\/wp-json\/wp\/v2\/types\/post"}],"author":[{"embeddable":true,"href":"https:\/\/www.clemensfrede.com\/de\/wp-json\/wp\/v2\/users\/1"}],"replies":[{"embeddable":true,"href":"https:\/\/www.clemensfrede.com\/de\/wp-json\/wp\/v2\/comments?post=4537"}],"version-history":[{"count":5,"href":"https:\/\/www.clemensfrede.com\/de\/wp-json\/wp\/v2\/posts\/4537\/revisions"}],"predecessor-version":[{"id":4910,"href":"https:\/\/www.clemensfrede.com\/de\/wp-json\/wp\/v2\/posts\/4537\/revisions\/4910"}],"wp:featuredmedia":[{"embeddable":true,"href":"https:\/\/www.clemensfrede.com\/de\/wp-json\/wp\/v2\/media\/4677"}],"wp:attachment":[{"href":"https:\/\/www.clemensfrede.com\/de\/wp-json\/wp\/v2\/media?parent=4537"}],"wp:term":[{"taxonomy":"category","embeddable":true,"href":"https:\/\/www.clemensfrede.com\/de\/wp-json\/wp\/v2\/categories?post=4537"},{"taxonomy":"post_tag","embeddable":true,"href":"https:\/\/www.clemensfrede.com\/de\/wp-json\/wp\/v2\/tags?post=4537"}],"curies":[{"name":"wp","href":"https:\/\/api.w.org\/{rel}","templated":true}]}}