{"id":922,"date":"2012-10-19T12:02:26","date_gmt":"2012-10-19T10:02:26","guid":{"rendered":"https:\/\/www.clemensfrede.com\/?p=922"},"modified":"2020-12-22T11:08:23","modified_gmt":"2020-12-22T09:08:23","slug":"sawubona-ngikhona","status":"publish","type":"post","link":"https:\/\/www.clemensfrede.com\/de\/sawubona-ngikhona\/ ","title":{"rendered":"Sawubona. Ngikhona."},"content":{"rendered":"<p>Zur Zeit geht es in meinem Blog und in meinen Klassen um Beziehungen &#8211; zu uns selbst und zu anderen. Wir beginnen jede Klasse mit dem Gru\u00df &#8218;<em>Namaste<\/em>&#8218;, was w\u00f6rtlich \u00fcbersetzt &#8218;<em>ich verbeuge mich vor dir<\/em>&#8218; bedeutet, im \u00fcbertragenden Sinn auch \u00fcbersetzt wird mit &#8218;<em>Ich sehe das g\u00f6ttliche in dir, das auch in mir ist<\/em>&#8218;.<\/p>\n<p><img loading=\"lazy\" decoding=\"async\" data-attachment-id=\"929\" data-permalink=\"https:\/\/www.clemensfrede.com\/de\/sawubona-ngikhona\/ \/img_4645\" data-orig-file=\"https:\/\/www.clemensfrede.com\/wp-content\/uploads\/2012\/10\/IMG_4645.jpg\" data-orig-size=\"1936,1936\" data-comments-opened=\"0\" data-image-meta=\"{&quot;aperture&quot;:&quot;0&quot;,&quot;credit&quot;:&quot;&quot;,&quot;camera&quot;:&quot;&quot;,&quot;caption&quot;:&quot;&quot;,&quot;created_timestamp&quot;:&quot;0&quot;,&quot;copyright&quot;:&quot;&quot;,&quot;focal_length&quot;:&quot;0&quot;,&quot;iso&quot;:&quot;0&quot;,&quot;shutter_speed&quot;:&quot;0&quot;,&quot;title&quot;:&quot;&quot;}\" data-image-title=\"IMG_4645\" data-image-description=\"\" data-image-caption=\"\" data-medium-file=\"https:\/\/www.clemensfrede.com\/wp-content\/uploads\/2012\/10\/IMG_4645-300x300.jpg\" data-large-file=\"https:\/\/www.clemensfrede.com\/wp-content\/uploads\/2012\/10\/IMG_4645-1024x1024.jpg\" class=\"alignleft size-thumbnail wp-image-929\" title=\"IMG_4645\" src=\"https:\/\/www.clemensfrede.com\/wp-content\/uploads\/2012\/10\/IMG_4645-150x150.jpg\" alt=\"\" width=\"150\" height=\"150\" srcset=\"https:\/\/www.clemensfrede.com\/wp-content\/uploads\/2012\/10\/IMG_4645-150x150.jpg 150w, https:\/\/www.clemensfrede.com\/wp-content\/uploads\/2012\/10\/IMG_4645-300x300.jpg 300w, https:\/\/www.clemensfrede.com\/wp-content\/uploads\/2012\/10\/IMG_4645-1024x1024.jpg 1024w, https:\/\/www.clemensfrede.com\/wp-content\/uploads\/2012\/10\/IMG_4645.jpg 1936w\" sizes=\"auto, (max-width: 150px) 100vw, 150px\" \/>Mich erinnert es immer an den sch\u00f6nen Gru\u00df im Zulu &#8211; der afrikanischen Sprache. Dort sagt man &#8218;<em>Sawubona<\/em>&#8218; &#8211; &#8218;<em>Ich sehe dich<\/em>&#8218;. Wenn man es bewusst sagt, hat das eine unglaubliche Wirkung. <span style=\"text-decoration: underline;\">Ich<\/span> <span style=\"text-decoration: underline;\">sehe<\/span> <span style=\"text-decoration: underline;\">dich<\/span>. Nicht so, wie man hierzulande &#8218;Wie geht&#8217;s?&#8216; fragt und eigentlich keine Antwort erwartet. Sondern jemanden wirklich sehen. Zu sagen &#8218;Meine ganze Aufmerksamkeit ist bei dir. Ich m\u00f6chte dich verstehen. Ich sehe deine Bed\u00fcrfnisse, deine W\u00fcnsche, deine Freude, deine Trauer, deine \u00c4ngste, deine Liebe.&#8216; M\u00f6chte nicht jeder von uns gesehen werden?<\/p>\n<p>Beobachtet einmal Diskussionen: Oft vertreten die Leute nur ihre Meinung und wiederholen sie immer und immer wieder. Selten h\u00e4lt der eine mal inne uns sagt zum anderen: &#8218;Ich verstehe Dich.&#8216; Oder fragt: &#8218;Du meinst das, oder?&#8216; Und auf einmal wird aus dem Gegeneinander ein Miteinander und es werden L\u00f6sungen gefunden, weil man sich gegenseitig sieht. Wir lassen uns viel zu selten auf das ein, was der andere versucht uns zu sagen. Wir sehen ihn nicht.<\/p>\n<p>Wir sehen nur unsere Meinung und verstehen nicht, warum sie nicht geh\u00f6rt wird. Also sagen wir sie wieder und wieder und wieder&#8230; und f\u00fchlen uns nicht gesehen. Bis jemand sagt:\u00a0&#8218;<em>Sawubona<\/em>&#8218;. Ich sehe dich.<\/p>\n<p><img loading=\"lazy\" decoding=\"async\" data-attachment-id=\"928\" data-permalink=\"https:\/\/www.clemensfrede.com\/de\/sawubona-ngikhona\/ \/img_4646\" data-orig-file=\"https:\/\/www.clemensfrede.com\/wp-content\/uploads\/2012\/10\/IMG_4646.jpg\" data-orig-size=\"1936,1936\" data-comments-opened=\"0\" data-image-meta=\"{&quot;aperture&quot;:&quot;0&quot;,&quot;credit&quot;:&quot;&quot;,&quot;camera&quot;:&quot;&quot;,&quot;caption&quot;:&quot;&quot;,&quot;created_timestamp&quot;:&quot;0&quot;,&quot;copyright&quot;:&quot;&quot;,&quot;focal_length&quot;:&quot;0&quot;,&quot;iso&quot;:&quot;0&quot;,&quot;shutter_speed&quot;:&quot;0&quot;,&quot;title&quot;:&quot;&quot;}\" data-image-title=\"IMG_4646\" data-image-description=\"\" data-image-caption=\"\" data-medium-file=\"https:\/\/www.clemensfrede.com\/wp-content\/uploads\/2012\/10\/IMG_4646-300x300.jpg\" data-large-file=\"https:\/\/www.clemensfrede.com\/wp-content\/uploads\/2012\/10\/IMG_4646-1024x1024.jpg\" class=\"alignright size-thumbnail wp-image-928\" title=\"IMG_4646\" src=\"https:\/\/www.clemensfrede.com\/wp-content\/uploads\/2012\/10\/IMG_4646-150x150.jpg\" alt=\"\" width=\"150\" height=\"150\" srcset=\"https:\/\/www.clemensfrede.com\/wp-content\/uploads\/2012\/10\/IMG_4646-150x150.jpg 150w, https:\/\/www.clemensfrede.com\/wp-content\/uploads\/2012\/10\/IMG_4646-300x300.jpg 300w, https:\/\/www.clemensfrede.com\/wp-content\/uploads\/2012\/10\/IMG_4646-1024x1024.jpg 1024w, https:\/\/www.clemensfrede.com\/wp-content\/uploads\/2012\/10\/IMG_4646.jpg 1936w\" sizes=\"auto, (max-width: 150px) 100vw, 150px\" \/>Die Antwort ist &#8218;<em>Ngikhona&#8216;<\/em>. Was kann es anderes sein? &#8218;<em>Ich bin hier&#8216;<\/em>. Ich stehe vor Dir mit meinen Bed\u00fcrfnissen, mit meinen W\u00fcnschen, meiner Freude, meiner Trauer, meinen \u00c4ngsten, meiner Liebe. Die Zulu gehen sogar davon aus, dass eine Person nur wegen anderen eine Person ist. Denn wenn man gesehen wird ist es ein Gef\u00fchl als w\u00fcrde man neu geboren. Das ist eine Erleichterung und eine Freude. Nur muss man aufpassen, dass man jetzt nicht ins Rampenlicht steigt &#8211; von allen gesehen &#8211; und eine gro\u00dfe tolle Show abzieht. Warum? Na, wenn wir im Rampenlicht stehen, sind wir von Scheinwerfern geblendet und sehen die anderen nicht. Man sagt als Antwort nicht &#8218;Ja, schaut mich an&#8216;.\u00a0Man sagt\u00a0<em>Ngikhona<\/em>. Ich bin hier.<\/p>\n<p>Ich bin hier. Und ich sehe dich. <em>Sawubona<\/em>.<\/p>\n<p>\u00dcberlegt mal, wen aus Eurem Freundes oder Bekanntenkreis ihr wirklich seht. Vor allem diejenigen, mit denen ihr vielleicht Schwierigkeiten habt. Seid Ihr bereit ihnen Eure volle Aufmerksamkeit zu schenken? Beobachtet auch, wer sich sehen l\u00e4sst und wer sich versteckt und wie das bei Euch selber ist. Zu wem k\u00f6nnt ihr sagen &#8218;<em>ich bin hier. das bin ich.<\/em>&#8218; und zu wem nicht? Yoga ist nicht nur eine Praxis auf der Matte. Wenn ihr Menschen begegnet, vielleicht denkt Ihr es mal nur f\u00fcr Euch selber&#8230; <em>Sawubona<\/em>. <em>Ngikhona<\/em>.<\/p>","protected":false},"excerpt":{"rendered":"<p>Leider ist der Eintrag nur auf English verf\u00fcgbar.<\/p>\n","protected":false},"author":1,"featured_media":1617,"comment_status":"closed","ping_status":"closed","sticky":true,"template":"","format":"standard","meta":{"_jetpack_memberships_contains_paid_content":false,"footnotes":"","jetpack_publicize_message":"","jetpack_publicize_feature_enabled":true,"jetpack_social_post_already_shared":false,"jetpack_social_options":{"image_generator_settings":{"template":"highway","default_image_id":0,"font":"","enabled":false},"version":2}},"categories":[60,59],"tags":[],"class_list":["post-922","post","type-post","status-publish","format-standard","has-post-thumbnail","hentry","category-think-about-it","category-yoga"],"aioseo_notices":[],"jetpack_publicize_connections":[],"jetpack_featured_media_url":"https:\/\/www.clemensfrede.com\/wp-content\/uploads\/2012\/10\/300x150_stone.png","jetpack_shortlink":"https:\/\/wp.me\/p1jfUI-eS","jetpack-related-posts":[{"id":2099,"url":"https:\/\/www.clemensfrede.com\/de\/body-satisfaction-yoga-studies\/ ","url_meta":{"origin":922,"position":0},"title":"Can&#8217;t get no satisfaction?","author":"Clemens","date":"Thursday, der 15. January 2015","format":false,"excerpt":"Related to this post (To the big girl) I found some fascinating research on body image satisfaction and yoga. Yoga is very inwardly focused practice in which you discover your muscles and bone structure and may go even deeper into physical body\u00a0awareness. It's more about looking at yourself from the\u2026","rel":"","context":"In &quot;General&quot;","block_context":{"text":"General","link":"https:\/\/www.clemensfrede.com\/de\/category\/general"},"img":{"alt_text":"","src":"https:\/\/i0.wp.com\/www.clemensfrede.com\/wp-content\/uploads\/2015\/01\/body4.jpg?resize=350%2C200&ssl=1","width":350,"height":200,"srcset":"https:\/\/i0.wp.com\/www.clemensfrede.com\/wp-content\/uploads\/2015\/01\/body4.jpg?resize=350%2C200&ssl=1 1x, https:\/\/i0.wp.com\/www.clemensfrede.com\/wp-content\/uploads\/2015\/01\/body4.jpg?resize=525%2C300&ssl=1 1.5x, https:\/\/i0.wp.com\/www.clemensfrede.com\/wp-content\/uploads\/2015\/01\/body4.jpg?resize=700%2C400&ssl=1 2x, https:\/\/i0.wp.com\/www.clemensfrede.com\/wp-content\/uploads\/2015\/01\/body4.jpg?resize=1050%2C600&ssl=1 3x, https:\/\/i0.wp.com\/www.clemensfrede.com\/wp-content\/uploads\/2015\/01\/body4.jpg?resize=1400%2C800&ssl=1 4x"},"classes":[]},{"id":1795,"url":"https:\/\/www.clemensfrede.com\/de\/big-girls-yoga\/ ","url_meta":{"origin":922,"position":1},"title":"to the big girl.","author":"Clemens","date":"Thursday, der 21. August 2014","format":false,"excerpt":"Of course, everyone should do yoga. But here's why I want to see more big, rounded curves\u00a0in my own or any yoga classes really. Like the beautiful girl who was in my class last week... There are various studies showing, that physical activity improves fitness and health.\u00a0No news there.\u00a0\u00a0Where it\u2026","rel":"","context":"In &quot;Performance Psychology&quot;","block_context":{"text":"Performance Psychology","link":"https:\/\/www.clemensfrede.com\/de\/category\/performance-psychology"},"img":{"alt_text":"","src":"https:\/\/i0.wp.com\/www.clemensfrede.com\/wp-content\/uploads\/2014\/08\/walross.jpg?resize=350%2C200&ssl=1","width":350,"height":200,"srcset":"https:\/\/i0.wp.com\/www.clemensfrede.com\/wp-content\/uploads\/2014\/08\/walross.jpg?resize=350%2C200&ssl=1 1x, https:\/\/i0.wp.com\/www.clemensfrede.com\/wp-content\/uploads\/2014\/08\/walross.jpg?resize=525%2C300&ssl=1 1.5x, https:\/\/i0.wp.com\/www.clemensfrede.com\/wp-content\/uploads\/2014\/08\/walross.jpg?resize=700%2C400&ssl=1 2x, https:\/\/i0.wp.com\/www.clemensfrede.com\/wp-content\/uploads\/2014\/08\/walross.jpg?resize=1050%2C600&ssl=1 3x, https:\/\/i0.wp.com\/www.clemensfrede.com\/wp-content\/uploads\/2014\/08\/walross.jpg?resize=1400%2C800&ssl=1 4x"},"classes":[]},{"id":4460,"url":"https:\/\/www.clemensfrede.com\/de\/control\/ ","url_meta":{"origin":922,"position":2},"title":"Kontrolle","author":"Clemens","date":"Sunday, der 26. November 2017","format":false,"excerpt":"Stress ist nicht immer schlecht. Stress kann unsere Leistungsf\u00e4higkeit durchaus f\u00f6rdern, wenn wir ihn bewu\u00dft einsetzen und achtsam mit ihm umgehen. Entscheidend ist unter anderem, ob wir das Gef\u00fchl der Kontrolle behalten. Denn Stress, den wir kontrollieren k\u00f6nnen, hilft sogar\u00a0dabei den Stress, den wir nicht kontrollieren k\u00f6nnen, leichter zu verarbeiten.\u2026","rel":"","context":"In &quot;General&quot;","block_context":{"text":"General","link":"https:\/\/www.clemensfrede.com\/de\/category\/general"},"img":{"alt_text":"","src":"","width":0,"height":0},"classes":[]},{"id":740,"url":"https:\/\/www.clemensfrede.com\/de\/state-of-mind\/ ","url_meta":{"origin":922,"position":3},"title":"State of Mind","author":"Clemens","date":"Thursday, der  7. August 2014","format":false,"excerpt":"It's funny. Or not really. In yoga you become engaged. In any way, really - in your body, in life, in your mind. You begin living more consciously. So when you go on Facebook today and check what yogis are posting... it's bewildering. It's about performance, about brands, about beaches\u2026","rel":"","context":"In &quot;General&quot;","block_context":{"text":"General","link":"https:\/\/www.clemensfrede.com\/de\/category\/general"},"img":{"alt_text":"","src":"https:\/\/i0.wp.com\/www.clemensfrede.com\/wp-content\/uploads\/2014\/08\/lavender.png?resize=350%2C200&ssl=1","width":350,"height":200,"srcset":"https:\/\/i0.wp.com\/www.clemensfrede.com\/wp-content\/uploads\/2014\/08\/lavender.png?resize=350%2C200&ssl=1 1x, https:\/\/i0.wp.com\/www.clemensfrede.com\/wp-content\/uploads\/2014\/08\/lavender.png?resize=525%2C300&ssl=1 1.5x, https:\/\/i0.wp.com\/www.clemensfrede.com\/wp-content\/uploads\/2014\/08\/lavender.png?resize=700%2C400&ssl=1 2x, https:\/\/i0.wp.com\/www.clemensfrede.com\/wp-content\/uploads\/2014\/08\/lavender.png?resize=1050%2C600&ssl=1 3x, https:\/\/i0.wp.com\/www.clemensfrede.com\/wp-content\/uploads\/2014\/08\/lavender.png?resize=1400%2C800&ssl=1 4x"},"classes":[]},{"id":3067,"url":"https:\/\/www.clemensfrede.com\/de\/santosha\/ ","url_meta":{"origin":922,"position":4},"title":"Santosha","author":"Clemens","date":"Saturday, der 16. January 2016","format":false,"excerpt":"Der graue, gem\u00fctliche\u00a0Januar\u00a0ist eine gute Zeit, um sich Gedanken zu machen, wie es mit der eigenen Zufriedenheit steht. Im Sommer streben wir nach mehr, wollen schaffen und erweitern und erreichen. Im Winter kann man sich mal auf die Gen\u00fcgsamkeit\u00a0besinnen. Was ist alles schon da? Wovon habe ich genug? Patanjali sagt,\u2026","rel":"","context":"In &quot;General&quot;","block_context":{"text":"General","link":"https:\/\/www.clemensfrede.com\/de\/category\/general"},"img":{"alt_text":"purpleberries","src":"https:\/\/i0.wp.com\/www.clemensfrede.com\/wp-content\/uploads\/2016\/01\/purpleberries-300x300.jpg?resize=350%2C200&ssl=1","width":350,"height":200},"classes":[]},{"id":4346,"url":"https:\/\/www.clemensfrede.com\/de\/recognizing-dependencies\/ ","url_meta":{"origin":922,"position":5},"title":"Abh\u00e4ngigkeiten erkennen","author":"Clemens","date":"Friday, der 25. August 2017","format":false,"excerpt":"In der N\u00e4he von dem B\u00fcro, in dem ich gerade arbeite, stehen einige B\u00fcrobauten leer. In der Mittagspause radel ich gelegentlich daran vorbei und habe neulich diese Aufschrift entdeckt: \"Abh\u00e4ngigkeiten erkennen\". Das ist die t\u00e4gliche Praxis im Yoga \u2013 Abh\u00e4ngigkeiten zu erkennen. K\u00f6rperliche, aber eben auch gedankliche Zusammenh\u00e4nge. Manche von\u2026","rel":"","context":"In &quot;General&quot;","block_context":{"text":"General","link":"https:\/\/www.clemensfrede.com\/de\/category\/general"},"img":{"alt_text":"","src":"https:\/\/i0.wp.com\/www.clemensfrede.com\/wp-content\/uploads\/2017\/08\/wall.jpg?resize=350%2C200&ssl=1","width":350,"height":200,"srcset":"https:\/\/i0.wp.com\/www.clemensfrede.com\/wp-content\/uploads\/2017\/08\/wall.jpg?resize=350%2C200&ssl=1 1x, https:\/\/i0.wp.com\/www.clemensfrede.com\/wp-content\/uploads\/2017\/08\/wall.jpg?resize=525%2C300&ssl=1 1.5x, https:\/\/i0.wp.com\/www.clemensfrede.com\/wp-content\/uploads\/2017\/08\/wall.jpg?resize=700%2C400&ssl=1 2x, https:\/\/i0.wp.com\/www.clemensfrede.com\/wp-content\/uploads\/2017\/08\/wall.jpg?resize=1050%2C600&ssl=1 3x, https:\/\/i0.wp.com\/www.clemensfrede.com\/wp-content\/uploads\/2017\/08\/wall.jpg?resize=1400%2C800&ssl=1 4x"},"classes":[]}],"jetpack_sharing_enabled":true,"_links":{"self":[{"href":"https:\/\/www.clemensfrede.com\/de\/wp-json\/wp\/v2\/posts\/922","targetHints":{"allow":["GET"]}}],"collection":[{"href":"https:\/\/www.clemensfrede.com\/de\/wp-json\/wp\/v2\/posts"}],"about":[{"href":"https:\/\/www.clemensfrede.com\/de\/wp-json\/wp\/v2\/types\/post"}],"author":[{"embeddable":true,"href":"https:\/\/www.clemensfrede.com\/de\/wp-json\/wp\/v2\/users\/1"}],"replies":[{"embeddable":true,"href":"https:\/\/www.clemensfrede.com\/de\/wp-json\/wp\/v2\/comments?post=922"}],"version-history":[{"count":15,"href":"https:\/\/www.clemensfrede.com\/de\/wp-json\/wp\/v2\/posts\/922\/revisions"}],"predecessor-version":[{"id":2414,"href":"https:\/\/www.clemensfrede.com\/de\/wp-json\/wp\/v2\/posts\/922\/revisions\/2414"}],"wp:featuredmedia":[{"embeddable":true,"href":"https:\/\/www.clemensfrede.com\/de\/wp-json\/wp\/v2\/media\/1617"}],"wp:attachment":[{"href":"https:\/\/www.clemensfrede.com\/de\/wp-json\/wp\/v2\/media?parent=922"}],"wp:term":[{"taxonomy":"category","embeddable":true,"href":"https:\/\/www.clemensfrede.com\/de\/wp-json\/wp\/v2\/categories?post=922"},{"taxonomy":"post_tag","embeddable":true,"href":"https:\/\/www.clemensfrede.com\/de\/wp-json\/wp\/v2\/tags?post=922"}],"curies":[{"name":"wp","href":"https:\/\/api.w.org\/{rel}","templated":true}]}}